{"id":909,"date":"2025-09-10T17:09:06","date_gmt":"2025-09-10T17:09:06","guid":{"rendered":"https:\/\/www.saintbenoit-mayombe.org\/?p=909"},"modified":"2025-10-18T12:54:18","modified_gmt":"2025-10-18T12:54:18","slug":"sensibilisation","status":"publish","type":"post","link":"https:\/\/www.saintbenoit-mayombe.org\/index.php\/2025\/09\/10\/sensibilisation\/","title":{"rendered":"Sensibilisation"},"content":{"rendered":"\n<p>Ce mercredi 10 septembre 2025 une \u00e9quipe mixte du Centre d&rsquo;Appui et de D\u00e9veloppement Int\u00e9gr\u00e9 (CARDI) et de l&rsquo;Oeuvre Saint Beno\u00eet (OSB) est arriv\u00e9e au village de Kinluangu Doko pour la sensibilisation des paysans sur le d\u00e9veloppement durable, l&rsquo;agroforesterie. Bref sur les enjeux climatiques avec les questions de l&rsquo;heure. C&rsquo;\u00e9tait aussi l&rsquo;occasion de revisiter la planification des activit\u00e9s agricoles de la saison A en vue d&rsquo;un meilleur accompagnement. <\/p>\n\n\n\n<figure class=\"wp-block-gallery has-nested-images columns-default is-cropped\">\n<figure class=\"wp-block-image size-large\"><img  title=\"\" loading=\"lazy\" width=\"768\" height=\"1024\" data-id=\"910\"  src=\"https:\/\/www.saintbenoit-mayombe.org\/wp-content\/uploads\/2025\/09\/IMG-20250910-WA0005-768x1024.jpg\"  alt=\"IMG-20250910-WA0005-768x1024 Sensibilisation\"  class=\"wp-image-910\" srcset=\"https:\/\/www.saintbenoit-mayombe.org\/wp-content\/uploads\/2025\/09\/IMG-20250910-WA0005-768x1024.jpg 768w, https:\/\/www.saintbenoit-mayombe.org\/wp-content\/uploads\/2025\/09\/IMG-20250910-WA0005-225x300.jpg 225w, https:\/\/www.saintbenoit-mayombe.org\/wp-content\/uploads\/2025\/09\/IMG-20250910-WA0005.jpg 810w\" sizes=\"(max-width: 768px) 100vw, 768px\" \/><\/figure>\n\n\n\n<figure class=\"wp-block-image size-large\"><img  title=\"\" loading=\"lazy\" width=\"768\" height=\"1024\" data-id=\"911\"  src=\"https:\/\/www.saintbenoit-mayombe.org\/wp-content\/uploads\/2025\/09\/IMG-20250910-WA0006-768x1024.jpg\"  alt=\"IMG-20250910-WA0006-768x1024 Sensibilisation\"  class=\"wp-image-911\" srcset=\"https:\/\/www.saintbenoit-mayombe.org\/wp-content\/uploads\/2025\/09\/IMG-20250910-WA0006-768x1024.jpg 768w, https:\/\/www.saintbenoit-mayombe.org\/wp-content\/uploads\/2025\/09\/IMG-20250910-WA0006-225x300.jpg 225w, https:\/\/www.saintbenoit-mayombe.org\/wp-content\/uploads\/2025\/09\/IMG-20250910-WA0006.jpg 810w\" sizes=\"(max-width: 768px) 100vw, 768px\" \/><\/figure>\n\n\n\n<figure class=\"wp-block-image size-large\"><img  title=\"\" loading=\"lazy\" width=\"1024\" height=\"768\" data-id=\"912\"  src=\"https:\/\/www.saintbenoit-mayombe.org\/wp-content\/uploads\/2025\/09\/IMG-20250910-WA0004-1024x768.jpg\"  alt=\"IMG-20250910-WA0004-1024x768 Sensibilisation\"  class=\"wp-image-912\" srcset=\"https:\/\/www.saintbenoit-mayombe.org\/wp-content\/uploads\/2025\/09\/IMG-20250910-WA0004-1024x768.jpg 1024w, https:\/\/www.saintbenoit-mayombe.org\/wp-content\/uploads\/2025\/09\/IMG-20250910-WA0004-300x225.jpg 300w, https:\/\/www.saintbenoit-mayombe.org\/wp-content\/uploads\/2025\/09\/IMG-20250910-WA0004-768x576.jpg 768w, https:\/\/www.saintbenoit-mayombe.org\/wp-content\/uploads\/2025\/09\/IMG-20250910-WA0004.jpg 1080w\" sizes=\"(max-width: 1024px) 100vw, 1024px\" \/><\/figure>\n<\/figure>\n\n\n\n<blockquote class=\"wp-block-quote\"><p>Une nouvelle sensibilisation des femmes sur l&rsquo;agroforesterie et la protection de l&rsquo;enviroonement ; toujours avec la coop\u00e9ration CARDI-OSB <\/p><\/blockquote>\n\n\n\n<figure class=\"wp-block-gallery has-nested-images columns-default is-cropped\">\n<figure class=\"wp-block-image size-large\"><img  title=\"\" loading=\"lazy\" width=\"1024\" height=\"768\" data-id=\"933\"  src=\"https:\/\/www.saintbenoit-mayombe.org\/wp-content\/uploads\/2025\/10\/IMG-20251017-WA0020-1024x768.jpg\"  alt=\"IMG-20251017-WA0020-1024x768 Sensibilisation\"  class=\"wp-image-933\" srcset=\"https:\/\/www.saintbenoit-mayombe.org\/wp-content\/uploads\/2025\/10\/IMG-20251017-WA0020-1024x768.jpg 1024w, https:\/\/www.saintbenoit-mayombe.org\/wp-content\/uploads\/2025\/10\/IMG-20251017-WA0020-300x225.jpg 300w, https:\/\/www.saintbenoit-mayombe.org\/wp-content\/uploads\/2025\/10\/IMG-20251017-WA0020-768x576.jpg 768w, https:\/\/www.saintbenoit-mayombe.org\/wp-content\/uploads\/2025\/10\/IMG-20251017-WA0020.jpg 1080w\" sizes=\"(max-width: 1024px) 100vw, 1024px\" \/><\/figure>\n\n\n\n<figure class=\"wp-block-image size-large\"><img  title=\"\" loading=\"lazy\" width=\"1024\" height=\"768\" data-id=\"935\"  src=\"https:\/\/www.saintbenoit-mayombe.org\/wp-content\/uploads\/2025\/10\/IMG-20251017-WA0019-1024x768.jpg\"  alt=\"IMG-20251017-WA0019-1024x768 Sensibilisation\"  class=\"wp-image-935\" srcset=\"https:\/\/www.saintbenoit-mayombe.org\/wp-content\/uploads\/2025\/10\/IMG-20251017-WA0019-1024x768.jpg 1024w, https:\/\/www.saintbenoit-mayombe.org\/wp-content\/uploads\/2025\/10\/IMG-20251017-WA0019-300x225.jpg 300w, https:\/\/www.saintbenoit-mayombe.org\/wp-content\/uploads\/2025\/10\/IMG-20251017-WA0019-768x576.jpg 768w, https:\/\/www.saintbenoit-mayombe.org\/wp-content\/uploads\/2025\/10\/IMG-20251017-WA0019.jpg 1080w\" sizes=\"(max-width: 1024px) 100vw, 1024px\" \/><\/figure>\n\n\n\n<figure class=\"wp-block-image size-large\"><img  title=\"\" loading=\"lazy\" width=\"1024\" height=\"768\" data-id=\"936\"  src=\"https:\/\/www.saintbenoit-mayombe.org\/wp-content\/uploads\/2025\/10\/IMG-20251017-WA0018-1024x768.jpg\"  alt=\"IMG-20251017-WA0018-1024x768 Sensibilisation\"  class=\"wp-image-936\" srcset=\"https:\/\/www.saintbenoit-mayombe.org\/wp-content\/uploads\/2025\/10\/IMG-20251017-WA0018-1024x768.jpg 1024w, https:\/\/www.saintbenoit-mayombe.org\/wp-content\/uploads\/2025\/10\/IMG-20251017-WA0018-300x225.jpg 300w, https:\/\/www.saintbenoit-mayombe.org\/wp-content\/uploads\/2025\/10\/IMG-20251017-WA0018-768x576.jpg 768w, https:\/\/www.saintbenoit-mayombe.org\/wp-content\/uploads\/2025\/10\/IMG-20251017-WA0018.jpg 1080w\" sizes=\"(max-width: 1024px) 100vw, 1024px\" \/><\/figure>\n\n\n\n<figure class=\"wp-block-image size-large\"><img  title=\"\" loading=\"lazy\" width=\"1024\" height=\"768\" data-id=\"937\"  src=\"https:\/\/www.saintbenoit-mayombe.org\/wp-content\/uploads\/2025\/10\/IMG-20251017-WA0017-1024x768.jpg\"  alt=\"IMG-20251017-WA0017-1024x768 Sensibilisation\"  class=\"wp-image-937\" srcset=\"https:\/\/www.saintbenoit-mayombe.org\/wp-content\/uploads\/2025\/10\/IMG-20251017-WA0017-1024x768.jpg 1024w, https:\/\/www.saintbenoit-mayombe.org\/wp-content\/uploads\/2025\/10\/IMG-20251017-WA0017-300x225.jpg 300w, https:\/\/www.saintbenoit-mayombe.org\/wp-content\/uploads\/2025\/10\/IMG-20251017-WA0017-768x576.jpg 768w, https:\/\/www.saintbenoit-mayombe.org\/wp-content\/uploads\/2025\/10\/IMG-20251017-WA0017.jpg 1080w\" sizes=\"(max-width: 1024px) 100vw, 1024px\" \/><\/figure>\n<\/figure>\n\n\n\n<p>Cette sensibilisation s&rsquo;est sold\u00e9 par le partage des cahiers et stylos pour une assistance aux femmes pour une bonne scolarit\u00e9 de leurs enfants.<\/p>\n","protected":false},"excerpt":{"rendered":"<p>Ce mercredi 10 septembre 2025 une \u00e9quipe mixte du Centre d&rsquo;Appui et de D\u00e9veloppement Int\u00e9gr\u00e9 (CARDI) et de l&rsquo;Oeuvre Saint Beno\u00eet (OSB) est arriv\u00e9e au village de Kinluangu Doko pour la sensibilisation des paysans sur le d\u00e9veloppement durable, l&rsquo;agroforesterie. Bref sur les enjeux climatiques avec les questions de l&rsquo;heure. C&rsquo;\u00e9tait aussi l&rsquo;occasion de revisiter la [&hellip;]<\/p>\n","protected":false},"author":1,"featured_media":0,"comment_status":"open","ping_status":"open","sticky":false,"template":"","format":"standard","meta":[],"categories":[1],"tags":[],"yoast_head":"<!-- This site is optimized with the Yoast SEO plugin v17.8 - https:\/\/yoast.com\/wordpress\/plugins\/seo\/ -->\n<title>Sensibilisation - \u0152uvre Saint Benoit<\/title>\n<meta name=\"robots\" content=\"noindex, follow, max-snippet:-1, max-image-preview:large, max-video-preview:-1\" \/>\n<meta property=\"og:locale\" content=\"fr_FR\" \/>\n<meta property=\"og:type\" content=\"article\" \/>\n<meta property=\"og:title\" content=\"Sensibilisation - \u0152uvre Saint Benoit\" \/>\n<meta property=\"og:description\" content=\"Ce mercredi 10 septembre 2025 une \u00e9quipe mixte du Centre d&rsquo;Appui et de D\u00e9veloppement Int\u00e9gr\u00e9 (CARDI) et de l&rsquo;Oeuvre Saint Beno\u00eet (OSB) est arriv\u00e9e au village de Kinluangu Doko pour la sensibilisation des paysans sur le d\u00e9veloppement durable, l&rsquo;agroforesterie. Bref sur les enjeux climatiques avec les questions de l&rsquo;heure. C&rsquo;\u00e9tait aussi l&rsquo;occasion de revisiter la [&hellip;]\" \/>\n<meta property=\"og:url\" content=\"https:\/\/www.saintbenoit-mayombe.org\/index.php\/2025\/09\/10\/sensibilisation\/\" \/>\n<meta property=\"og:site_name\" content=\"\u0152uvre Saint Benoit\" \/>\n<meta property=\"article:published_time\" content=\"2025-09-10T17:09:06+00:00\" \/>\n<meta property=\"article:modified_time\" content=\"2025-10-18T12:54:18+00:00\" \/>\n<meta property=\"og:image\" content=\"https:\/\/www.saintbenoit-mayombe.org\/wp-content\/uploads\/2025\/09\/IMG-20250910-WA0005-768x1024.jpg\" \/>\n<meta name=\"twitter:card\" content=\"summary_large_image\" \/>\n<meta name=\"twitter:label1\" content=\"\u00c9crit par\" \/>\n\t<meta name=\"twitter:data1\" content=\"admin\" \/>\n\t<meta name=\"twitter:label2\" content=\"Dur\u00e9e de lecture estim\u00e9e\" \/>\n\t<meta name=\"twitter:data2\" content=\"2 minutes\" \/>\n<script type=\"application\/ld+json\" class=\"yoast-schema-graph\">{\"@context\":\"https:\/\/schema.org\",\"@graph\":[{\"@type\":\"WebSite\",\"@id\":\"https:\/\/www.saintbenoit-mayombe.org\/#website\",\"url\":\"https:\/\/www.saintbenoit-mayombe.org\/\",\"name\":\"\\u0152uvre Saint Benoit\",\"description\":\"Pour le d\\u00e9veloppement de tout l&#039;homme\",\"potentialAction\":[{\"@type\":\"SearchAction\",\"target\":{\"@type\":\"EntryPoint\",\"urlTemplate\":\"https:\/\/www.saintbenoit-mayombe.org\/?s={search_term_string}\"},\"query-input\":\"required name=search_term_string\"}],\"inLanguage\":\"fr-FR\"},{\"@type\":\"ImageObject\",\"@id\":\"https:\/\/www.saintbenoit-mayombe.org\/index.php\/2025\/09\/10\/sensibilisation\/#primaryimage\",\"inLanguage\":\"fr-FR\",\"url\":\"https:\/\/www.saintbenoit-mayombe.org\/wp-content\/uploads\/2025\/09\/IMG-20250910-WA0005.jpg\",\"contentUrl\":\"https:\/\/www.saintbenoit-mayombe.org\/wp-content\/uploads\/2025\/09\/IMG-20250910-WA0005.jpg\",\"width\":810,\"height\":1080},{\"@type\":\"WebPage\",\"@id\":\"https:\/\/www.saintbenoit-mayombe.org\/index.php\/2025\/09\/10\/sensibilisation\/#webpage\",\"url\":\"https:\/\/www.saintbenoit-mayombe.org\/index.php\/2025\/09\/10\/sensibilisation\/\",\"name\":\"Sensibilisation - \\u0152uvre Saint Benoit\",\"isPartOf\":{\"@id\":\"https:\/\/www.saintbenoit-mayombe.org\/#website\"},\"primaryImageOfPage\":{\"@id\":\"https:\/\/www.saintbenoit-mayombe.org\/index.php\/2025\/09\/10\/sensibilisation\/#primaryimage\"},\"datePublished\":\"2025-09-10T17:09:06+00:00\",\"dateModified\":\"2025-10-18T12:54:18+00:00\",\"author\":{\"@id\":\"https:\/\/www.saintbenoit-mayombe.org\/#\/schema\/person\/3005261a0d7ef11d6fda41b18d851aab\"},\"breadcrumb\":{\"@id\":\"https:\/\/www.saintbenoit-mayombe.org\/index.php\/2025\/09\/10\/sensibilisation\/#breadcrumb\"},\"inLanguage\":\"fr-FR\",\"potentialAction\":[{\"@type\":\"ReadAction\",\"target\":[\"https:\/\/www.saintbenoit-mayombe.org\/index.php\/2025\/09\/10\/sensibilisation\/\"]}]},{\"@type\":\"BreadcrumbList\",\"@id\":\"https:\/\/www.saintbenoit-mayombe.org\/index.php\/2025\/09\/10\/sensibilisation\/#breadcrumb\",\"itemListElement\":[{\"@type\":\"ListItem\",\"position\":1,\"name\":\"Home\",\"item\":\"https:\/\/www.saintbenoit-mayombe.org\/\"},{\"@type\":\"ListItem\",\"position\":2,\"name\":\"Sensibilisation\"}]},{\"@type\":\"Person\",\"@id\":\"https:\/\/www.saintbenoit-mayombe.org\/#\/schema\/person\/3005261a0d7ef11d6fda41b18d851aab\",\"name\":\"admin\",\"image\":{\"@type\":\"ImageObject\",\"@id\":\"https:\/\/www.saintbenoit-mayombe.org\/#personlogo\",\"inLanguage\":\"fr-FR\",\"url\":\"https:\/\/secure.gravatar.com\/avatar\/d4660c01274d5d2595e88f37b5505f87?s=96&d=mm&r=g\",\"contentUrl\":\"https:\/\/secure.gravatar.com\/avatar\/d4660c01274d5d2595e88f37b5505f87?s=96&d=mm&r=g\",\"caption\":\"admin\"},\"sameAs\":[\"https:\/\/www.saintbenoit-mayombe.org\"],\"url\":\"https:\/\/www.saintbenoit-mayombe.org\/index.php\/author\/jpfetshiomiyahoo-fr\/\"}]}<\/script>\n<!-- \/ Yoast SEO plugin. -->","yoast_head_json":{"title":"Sensibilisation - \u0152uvre Saint Benoit","robots":{"index":"noindex","follow":"follow","max-snippet":"max-snippet:-1","max-image-preview":"max-image-preview:large","max-video-preview":"max-video-preview:-1"},"og_locale":"fr_FR","og_type":"article","og_title":"Sensibilisation - \u0152uvre Saint Benoit","og_description":"Ce mercredi 10 septembre 2025 une \u00e9quipe mixte du Centre d&rsquo;Appui et de D\u00e9veloppement Int\u00e9gr\u00e9 (CARDI) et de l&rsquo;Oeuvre Saint Beno\u00eet (OSB) est arriv\u00e9e au village de Kinluangu Doko pour la sensibilisation des paysans sur le d\u00e9veloppement durable, l&rsquo;agroforesterie. Bref sur les enjeux climatiques avec les questions de l&rsquo;heure. C&rsquo;\u00e9tait aussi l&rsquo;occasion de revisiter la [&hellip;]","og_url":"https:\/\/www.saintbenoit-mayombe.org\/index.php\/2025\/09\/10\/sensibilisation\/","og_site_name":"\u0152uvre Saint Benoit","article_published_time":"2025-09-10T17:09:06+00:00","article_modified_time":"2025-10-18T12:54:18+00:00","og_image":[{"url":"https:\/\/www.saintbenoit-mayombe.org\/wp-content\/uploads\/2025\/09\/IMG-20250910-WA0005-768x1024.jpg"}],"twitter_card":"summary_large_image","twitter_misc":{"\u00c9crit par":"admin","Dur\u00e9e de lecture estim\u00e9e":"2 minutes"},"schema":{"@context":"https:\/\/schema.org","@graph":[{"@type":"WebSite","@id":"https:\/\/www.saintbenoit-mayombe.org\/#website","url":"https:\/\/www.saintbenoit-mayombe.org\/","name":"\u0152uvre Saint Benoit","description":"Pour le d\u00e9veloppement de tout l&#039;homme","potentialAction":[{"@type":"SearchAction","target":{"@type":"EntryPoint","urlTemplate":"https:\/\/www.saintbenoit-mayombe.org\/?s={search_term_string}"},"query-input":"required name=search_term_string"}],"inLanguage":"fr-FR"},{"@type":"ImageObject","@id":"https:\/\/www.saintbenoit-mayombe.org\/index.php\/2025\/09\/10\/sensibilisation\/#primaryimage","inLanguage":"fr-FR","url":"https:\/\/www.saintbenoit-mayombe.org\/wp-content\/uploads\/2025\/09\/IMG-20250910-WA0005.jpg","contentUrl":"https:\/\/www.saintbenoit-mayombe.org\/wp-content\/uploads\/2025\/09\/IMG-20250910-WA0005.jpg","width":810,"height":1080},{"@type":"WebPage","@id":"https:\/\/www.saintbenoit-mayombe.org\/index.php\/2025\/09\/10\/sensibilisation\/#webpage","url":"https:\/\/www.saintbenoit-mayombe.org\/index.php\/2025\/09\/10\/sensibilisation\/","name":"Sensibilisation - \u0152uvre Saint Benoit","isPartOf":{"@id":"https:\/\/www.saintbenoit-mayombe.org\/#website"},"primaryImageOfPage":{"@id":"https:\/\/www.saintbenoit-mayombe.org\/index.php\/2025\/09\/10\/sensibilisation\/#primaryimage"},"datePublished":"2025-09-10T17:09:06+00:00","dateModified":"2025-10-18T12:54:18+00:00","author":{"@id":"https:\/\/www.saintbenoit-mayombe.org\/#\/schema\/person\/3005261a0d7ef11d6fda41b18d851aab"},"breadcrumb":{"@id":"https:\/\/www.saintbenoit-mayombe.org\/index.php\/2025\/09\/10\/sensibilisation\/#breadcrumb"},"inLanguage":"fr-FR","potentialAction":[{"@type":"ReadAction","target":["https:\/\/www.saintbenoit-mayombe.org\/index.php\/2025\/09\/10\/sensibilisation\/"]}]},{"@type":"BreadcrumbList","@id":"https:\/\/www.saintbenoit-mayombe.org\/index.php\/2025\/09\/10\/sensibilisation\/#breadcrumb","itemListElement":[{"@type":"ListItem","position":1,"name":"Home","item":"https:\/\/www.saintbenoit-mayombe.org\/"},{"@type":"ListItem","position":2,"name":"Sensibilisation"}]},{"@type":"Person","@id":"https:\/\/www.saintbenoit-mayombe.org\/#\/schema\/person\/3005261a0d7ef11d6fda41b18d851aab","name":"admin","image":{"@type":"ImageObject","@id":"https:\/\/www.saintbenoit-mayombe.org\/#personlogo","inLanguage":"fr-FR","url":"https:\/\/secure.gravatar.com\/avatar\/d4660c01274d5d2595e88f37b5505f87?s=96&d=mm&r=g","contentUrl":"https:\/\/secure.gravatar.com\/avatar\/d4660c01274d5d2595e88f37b5505f87?s=96&d=mm&r=g","caption":"admin"},"sameAs":["https:\/\/www.saintbenoit-mayombe.org"],"url":"https:\/\/www.saintbenoit-mayombe.org\/index.php\/author\/jpfetshiomiyahoo-fr\/"}]}},"_links":{"self":[{"href":"https:\/\/www.saintbenoit-mayombe.org\/index.php\/wp-json\/wp\/v2\/posts\/909"}],"collection":[{"href":"https:\/\/www.saintbenoit-mayombe.org\/index.php\/wp-json\/wp\/v2\/posts"}],"about":[{"href":"https:\/\/www.saintbenoit-mayombe.org\/index.php\/wp-json\/wp\/v2\/types\/post"}],"author":[{"embeddable":true,"href":"https:\/\/www.saintbenoit-mayombe.org\/index.php\/wp-json\/wp\/v2\/users\/1"}],"replies":[{"embeddable":true,"href":"https:\/\/www.saintbenoit-mayombe.org\/index.php\/wp-json\/wp\/v2\/comments?post=909"}],"version-history":[{"count":2,"href":"https:\/\/www.saintbenoit-mayombe.org\/index.php\/wp-json\/wp\/v2\/posts\/909\/revisions"}],"predecessor-version":[{"id":938,"href":"https:\/\/www.saintbenoit-mayombe.org\/index.php\/wp-json\/wp\/v2\/posts\/909\/revisions\/938"}],"wp:attachment":[{"href":"https:\/\/www.saintbenoit-mayombe.org\/index.php\/wp-json\/wp\/v2\/media?parent=909"}],"wp:term":[{"taxonomy":"category","embeddable":true,"href":"https:\/\/www.saintbenoit-mayombe.org\/index.php\/wp-json\/wp\/v2\/categories?post=909"},{"taxonomy":"post_tag","embeddable":true,"href":"https:\/\/www.saintbenoit-mayombe.org\/index.php\/wp-json\/wp\/v2\/tags?post=909"}],"curies":[{"name":"wp","href":"https:\/\/api.w.org\/{rel}","templated":true}]}}